{"id":4976,"date":"2026-06-03T15:53:58","date_gmt":"2026-06-03T15:53:58","guid":{"rendered":"https:\/\/regionaldeseguros.com.ar\/?p=4976"},"modified":"2026-06-04T16:30:54","modified_gmt":"2026-06-04T16:30:54","slug":"mas-de-700-profesionales-de-todo-el-pais-consolidaron-el-exito-del-crs-2026","status":"publish","type":"post","link":"https:\/\/regionaldeseguros.com.ar\/?p=4976","title":{"rendered":"M\u00e1s de 700 profesionales de todo el pa\u00eds consolidaron el \u00e9xito del CRS 2026"},"content":{"rendered":"\t\t<div data-elementor-type=\"wp-post\" data-elementor-id=\"4976\" class=\"elementor elementor-4976\" data-elementor-post-type=\"post\">\n\t\t\t\t\t\t<section class=\"elementor-section elementor-top-section elementor-element elementor-element-22547029 elementor-section-boxed elementor-section-height-default elementor-section-height-default\" data-id=\"22547029\" data-element_type=\"section\" data-e-type=\"section\">\n\t\t\t\t\t\t<div class=\"elementor-container elementor-column-gap-default\">\n\t\t\t\t\t<div class=\"elementor-column elementor-col-33 elementor-top-column elementor-element elementor-element-c8c5d0a\" data-id=\"c8c5d0a\" data-element_type=\"column\" data-e-type=\"column\">\n\t\t\t<div class=\"elementor-widget-wrap\">\n\t\t\t\t\t\t\t<\/div>\n\t\t<\/div>\n\t\t\t\t<div class=\"elementor-column elementor-col-33 elementor-top-column elementor-element elementor-element-1c02cede\" data-id=\"1c02cede\" data-element_type=\"column\" data-e-type=\"column\">\n\t\t\t<div class=\"elementor-widget-wrap elementor-element-populated\">\n\t\t\t\t\t\t<div class=\"elementor-element elementor-element-6c2781c1 elementor-widget elementor-widget-image\" data-id=\"6c2781c1\" data-element_type=\"widget\" data-e-type=\"widget\" data-settings=\"{&quot;ekit_we_effect_on&quot;:&quot;none&quot;}\" data-widget_type=\"image.default\">\n\t\t\t\t<div class=\"elementor-widget-container\">\n\t\t\t\t\t\t\t\t\t\t\t\t\t\t\t<img fetchpriority=\"high\" decoding=\"async\" width=\"900\" height=\"507\" src=\"https:\/\/regionaldeseguros.com.ar\/wp-content\/uploads\/2026\/06\/plate-crs-parana.jpg\" class=\"attachment-large size-large wp-image-5002\" alt=\"\" srcset=\"https:\/\/regionaldeseguros.com.ar\/wp-content\/uploads\/2026\/06\/plate-crs-parana.jpg 900w, https:\/\/regionaldeseguros.com.ar\/wp-content\/uploads\/2026\/06\/plate-crs-parana-768x433.jpg 768w\" sizes=\"(max-width: 900px) 100vw, 900px\" \/>\t\t\t\t\t\t\t\t\t\t\t\t\t\t\t<\/div>\n\t\t\t\t<\/div>\n\t\t\t\t\t<\/div>\n\t\t<\/div>\n\t\t\t\t<div class=\"elementor-column elementor-col-33 elementor-top-column elementor-element elementor-element-43ece4a2\" data-id=\"43ece4a2\" data-element_type=\"column\" data-e-type=\"column\">\n\t\t\t<div class=\"elementor-widget-wrap\">\n\t\t\t\t\t\t\t<\/div>\n\t\t<\/div>\n\t\t\t\t\t<\/div>\n\t\t<\/section>\n\t\t\t\t<section class=\"elementor-section elementor-top-section elementor-element elementor-element-2926b643 elementor-section-boxed elementor-section-height-default elementor-section-height-default\" data-id=\"2926b643\" data-element_type=\"section\" data-e-type=\"section\">\n\t\t\t\t\t\t<div class=\"elementor-container elementor-column-gap-default\">\n\t\t\t\t\t<div class=\"elementor-column elementor-col-100 elementor-top-column elementor-element elementor-element-433fcc02\" data-id=\"433fcc02\" data-element_type=\"column\" data-e-type=\"column\">\n\t\t\t<div class=\"elementor-widget-wrap elementor-element-populated\">\n\t\t\t\t\t\t<div class=\"elementor-element elementor-element-58caceb3 elementor-widget elementor-widget-text-editor\" data-id=\"58caceb3\" data-element_type=\"widget\" data-e-type=\"widget\" data-settings=\"{&quot;ekit_we_effect_on&quot;:&quot;none&quot;}\" data-widget_type=\"text-editor.default\">\n\t\t\t\t<div class=\"elementor-widget-container\">\n\t\t\t\t\t\t\t\t\t<h2 class=\"entry-title\">M\u00e1s de 700 profesionales de todo el pa\u00eds consolidaron el \u00e9xito del CRS 2026<\/h2>\n<p>Con una convocatoria que super\u00f3 los 700 asistentes provenientes de Entre R\u00edos, Santa Fe, C\u00f3rdoba, Buenos Aires y distintos puntos del pa\u00eds, el Congreso Regional de Seguros volvi\u00f3 a consolidarse como uno de los encuentros m\u00e1s importantes del mercado asegurador argentino.&nbsp;<\/p>\n<p>Organizado por <em>100% SEGURO<\/em> en el Centro Provincial de Convenciones de Paran\u00e1, el evento reuni\u00f3 a Productores Asesores de Seguros, ejecutivos de compa\u00f1\u00edas, funcionarios, c\u00e1maras empresarias, proveedores y referentes de toda la cadena de valor en una jornada caracterizada por el alto nivel de sus contenidos, la calidad de los asistentes y las m\u00faltiples oportunidades de networking y negocios.<\/p>\n<p>Uno de los grandes hitos de esta edici\u00f3n fue la participaci\u00f3n de las m\u00e1ximas autoridades provinciales y nacionales vinculadas a la actividad. La apertura estuvo a cargo del Gobernador de Entre R\u00edos, Rogelio Frigerio, quien destac\u00f3 al seguro como \u00abla herramienta silenciosa que sostiene el trabajo y la producci\u00f3n\u00bb, resaltando el papel estrat\u00e9gico de la actividad para el desarrollo econ\u00f3mico, la inversi\u00f3n y la generaci\u00f3n de empleo.<\/p>\n<p>Por su parte, el cierre institucional estuvo a cargo del Superintendente de Seguros de la Naci\u00f3n, Guillermo Plate, quien convoc\u00f3 al sector a ser protagonista de una nueva etapa para el mercado asegurador argentino, impulsando una mayor penetraci\u00f3n del seguro, innovaci\u00f3n y crecimiento, bajo el concepto de \u00abm\u00e1s seguros y menos Estado\u00bb.<\/p>\n<p>A lo largo de toda la jornada se desarrollaron paneles y exposiciones sobre los temas m\u00e1s relevantes para el presente y el futuro de la actividad: Inteligencia Artificial aplicada al negocio asegurador, oportunidades de crecimiento m\u00e1s all\u00e1 de los seguros tradicionales, estrategia comercial, litigiosidad, asistencia, movilidad, electrificaci\u00f3n, transformaci\u00f3n del seguro automotor y la evoluci\u00f3n del canal de Productores Asesores de Seguros.<\/p>\n<p>Especial atenci\u00f3n gener\u00f3 el nuevo formato de participaci\u00f3n de las c\u00e1maras empresarias, que este a\u00f1o dejaron de compartir un panel conjunto para presentar exposiciones individuales enfocadas en problem\u00e1ticas concretas y de fuerte impacto para el sector, aportando profundidad y una mirada especializada sobre los principales desaf\u00edos de la industria.<\/p>\n<p>La muestra comercial y los espacios de networking volvieron a convertirse en un punto de encuentro permanente entre compa\u00f1\u00edas, Productores de Seguros, brokers, tecnol\u00f3gicas y proveedores, generando un entorno ideal para fortalecer relaciones y desarrollar nuevas oportunidades comerciales.<\/p>\n<p>Con una agenda de alto nivel, una representaci\u00f3n federal cada vez m\u00e1s amplia y una participaci\u00f3n r\u00e9cord, el CRS 2026 ratific\u00f3 su crecimiento y consolid\u00f3 a Paran\u00e1 como uno de los grandes puntos de encuentro del seguro argentino.<\/p>\n<p>Una vez m\u00e1s, el mercado respondi\u00f3 con una masiva presencia y demostr\u00f3 que el interior del pa\u00eds sigue siendo un motor fundamental para el desarrollo de la actividad aseguradora.<\/p>\t\t\t\t\t\t\t\t<\/div>\n\t\t\t\t<\/div>\n\t\t\t\t<div class=\"elementor-element elementor-element-255a2c95 elementor-widget elementor-widget-button\" data-id=\"255a2c95\" data-element_type=\"widget\" data-e-type=\"widget\" data-settings=\"{&quot;ekit_we_effect_on&quot;:&quot;none&quot;}\" data-widget_type=\"button.default\">\n\t\t\t\t<div class=\"elementor-widget-container\">\n\t\t\t\t\t\t\t\t\t<div class=\"elementor-button-wrapper\">\n\t\t\t\t\t<a class=\"elementor-button elementor-button-link elementor-size-sm\" href=\"https:\/\/regionaldeseguros.com.ar\/#prensa\">\n\t\t\t\t\t\t<span class=\"elementor-button-content-wrapper\">\n\t\t\t\t\t\t<span class=\"elementor-button-icon\">\n\t\t\t\t<i aria-hidden=\"true\" class=\"far fa-arrow-alt-circle-left\"><\/i>\t\t\t<\/span>\n\t\t\t\t\t\t\t\t\t<span class=\"elementor-button-text\">Volver a la Home<\/span>\n\t\t\t\t\t<\/span>\n\t\t\t\t\t<\/a>\n\t\t\t\t<\/div>\n\t\t\t\t\t\t\t\t<\/div>\n\t\t\t\t<\/div>\n\t\t\t\t\t<\/div>\n\t\t<\/div>\n\t\t\t\t\t<\/div>\n\t\t<\/section>\n\t\t\t\t<section class=\"elementor-section elementor-top-section elementor-element elementor-element-74f3e2c9 elementor-section-boxed elementor-section-height-default elementor-section-height-default\" data-id=\"74f3e2c9\" data-element_type=\"section\" data-e-type=\"section\" data-settings=\"{&quot;background_background&quot;:&quot;classic&quot;}\">\n\t\t\t\t\t\t\t<div class=\"elementor-background-overlay\"><\/div>\n\t\t\t\t\t\t\t<div class=\"elementor-container elementor-column-gap-default\">\n\t\t\t\t\t<div class=\"elementor-column elementor-col-33 elementor-top-column elementor-element elementor-element-36d00d1d\" data-id=\"36d00d1d\" data-element_type=\"column\" data-e-type=\"column\">\n\t\t\t<div class=\"elementor-widget-wrap elementor-element-populated\">\n\t\t\t\t\t\t<div class=\"elementor-element elementor-element-41e160b0 elementor-invisible elementor-widget elementor-widget-image\" data-id=\"41e160b0\" data-element_type=\"widget\" data-e-type=\"widget\" data-settings=\"{&quot;ekit_we_effect_on&quot;:&quot;css&quot;,&quot;_animation&quot;:&quot;fadeIn&quot;,&quot;_animation_delay&quot;:300}\" data-widget_type=\"image.default\">\n\t\t\t\t<div class=\"elementor-widget-container\">\n\t\t\t\t\t\t\t\t\t\t\t\t\t\t\t\t<a href=\"https:\/\/100seguro.com.ar\" target=\"_blank\">\n\t\t\t\t\t\t\t<img decoding=\"async\" width=\"120\" height=\"114\" src=\"https:\/\/regionaldeseguros.com.ar\/wp-content\/uploads\/2024\/04\/Organizado-por-footer4.png\" class=\"attachment-full size-full wp-image-2876\" alt=\"\" \/>\t\t\t\t\t\t\t\t<\/a>\n\t\t\t\t\t\t\t\t\t\t\t\t\t\t\t<\/div>\n\t\t\t\t<\/div>\n\t\t\t\t\t<\/div>\n\t\t<\/div>\n\t\t\t\t<div class=\"elementor-column elementor-col-33 elementor-top-column elementor-element elementor-element-7a82febc\" data-id=\"7a82febc\" data-element_type=\"column\" data-e-type=\"column\">\n\t\t\t<div class=\"elementor-widget-wrap\">\n\t\t\t\t\t\t\t<\/div>\n\t\t<\/div>\n\t\t\t\t<div class=\"elementor-column elementor-col-33 elementor-top-column elementor-element elementor-element-3468f59a\" data-id=\"3468f59a\" data-element_type=\"column\" data-e-type=\"column\">\n\t\t\t<div class=\"elementor-widget-wrap elementor-element-populated\">\n\t\t\t\t\t\t<div class=\"elementor-element elementor-element-22cf9ae3 elementor-hidden-tablet elementor-hidden-mobile elementor-invisible elementor-widget elementor-widget-image\" data-id=\"22cf9ae3\" data-element_type=\"widget\" data-e-type=\"widget\" data-settings=\"{&quot;ekit_we_effect_on&quot;:&quot;css&quot;,&quot;_animation&quot;:&quot;fadeIn&quot;,&quot;_animation_delay&quot;:300}\" data-widget_type=\"image.default\">\n\t\t\t\t<div class=\"elementor-widget-container\">\n\t\t\t\t\t\t\t\t\t\t\t\t\t\t\t<img decoding=\"async\" width=\"280\" height=\"214\" src=\"https:\/\/regionaldeseguros.com.ar\/wp-content\/uploads\/2024\/04\/Logo-CRS.png\" class=\"attachment-full size-full wp-image-2180\" alt=\"\" \/>\t\t\t\t\t\t\t\t\t\t\t\t\t\t\t<\/div>\n\t\t\t\t<\/div>\n\t\t\t\t\t<\/div>\n\t\t<\/div>\n\t\t\t\t\t<\/div>\n\t\t<\/section>\n\t\t\t\t<\/div>\n\t\t","protected":false},"excerpt":{"rendered":"<p>M\u00e1s de 700 profesionales de todo el pa\u00eds consolidaron el \u00e9xito del CRS 2026 Con una convocatoria que super\u00f3 los 700 asistentes provenientes de Entre R\u00edos, Santa Fe, C\u00f3rdoba, Buenos Aires y distintos puntos del pa\u00eds, el Congreso Regional de Seguros volvi\u00f3 a consolidarse como uno de los encuentros m\u00e1s importantes del mercado asegurador argentino.&nbsp; [&hellip;]<\/p>\n","protected":false},"author":1,"featured_media":5002,"comment_status":"closed","ping_status":"open","sticky":false,"template":"elementor_canvas","format":"standard","meta":{"footnotes":""},"categories":[15],"tags":[],"class_list":["post-4976","post","type-post","status-publish","format-standard","has-post-thumbnail","hentry","category-prensa"],"yoast_head":"<!-- This site is optimized with the Yoast SEO plugin v28.1 - https:\/\/yoast.com\/product\/yoast-seo-wordpress\/ -->\n<title>M\u00e1s de 700 profesionales de todo el pa\u00eds consolidaron el \u00e9xito del CRS 2026 - Congreso Regional de Seguros<\/title>\n<meta name=\"robots\" content=\"index, follow, max-snippet:-1, max-image-preview:large, max-video-preview:-1\" \/>\n<link rel=\"canonical\" href=\"https:\/\/regionaldeseguros.com.ar\/?p=4976\" \/>\n<meta property=\"og:locale\" content=\"es_ES\" \/>\n<meta property=\"og:type\" content=\"article\" \/>\n<meta property=\"og:title\" content=\"M\u00e1s de 700 profesionales de todo el pa\u00eds consolidaron el \u00e9xito del CRS 2026 - Congreso Regional de Seguros\" \/>\n<meta property=\"og:description\" content=\"M\u00e1s de 700 profesionales de todo el pa\u00eds consolidaron el \u00e9xito del CRS 2026 Con una convocatoria que super\u00f3 los 700 asistentes provenientes de Entre R\u00edos, Santa Fe, C\u00f3rdoba, Buenos Aires y distintos puntos del pa\u00eds, el Congreso Regional de Seguros volvi\u00f3 a consolidarse como uno de los encuentros m\u00e1s importantes del mercado asegurador argentino.&nbsp; [&hellip;]\" \/>\n<meta property=\"og:url\" content=\"https:\/\/regionaldeseguros.com.ar\/?p=4976\" \/>\n<meta property=\"og:site_name\" content=\"Congreso Regional de Seguros\" \/>\n<meta property=\"article:publisher\" content=\"http:\/\/www.facebook.com\/100seguroTV\" \/>\n<meta property=\"article:published_time\" content=\"2026-06-03T15:53:58+00:00\" \/>\n<meta property=\"article:modified_time\" content=\"2026-06-04T16:30:54+00:00\" \/>\n<meta property=\"og:image\" content=\"https:\/\/regionaldeseguros.com.ar\/wp-content\/uploads\/2026\/06\/plate-crs-parana.jpg\" \/>\n\t<meta property=\"og:image:width\" content=\"900\" \/>\n\t<meta property=\"og:image:height\" content=\"507\" \/>\n\t<meta property=\"og:image:type\" content=\"image\/jpeg\" \/>\n<meta name=\"author\" content=\"admin\" \/>\n<meta name=\"twitter:card\" content=\"summary_large_image\" \/>\n<meta name=\"twitter:label1\" content=\"Escrito por\" \/>\n\t<meta name=\"twitter:data1\" content=\"admin\" \/>\n\t<meta name=\"twitter:label2\" content=\"Tiempo de lectura\" \/>\n\t<meta name=\"twitter:data2\" content=\"3 minutos\" \/>\n<script type=\"application\/ld+json\" class=\"yoast-schema-graph\">{\"@context\":\"https:\\\/\\\/schema.org\",\"@graph\":[{\"@type\":\"Article\",\"@id\":\"https:\\\/\\\/regionaldeseguros.com.ar\\\/?p=4976#article\",\"isPartOf\":{\"@id\":\"https:\\\/\\\/regionaldeseguros.com.ar\\\/?p=4976\"},\"author\":{\"name\":\"admin\",\"@id\":\"https:\\\/\\\/regionaldeseguros.com.ar\\\/#\\\/schema\\\/person\\\/659a636ae391540e556a662c9720d7c9\"},\"headline\":\"M\u00e1s de 700 profesionales de todo el pa\u00eds consolidaron el \u00e9xito del CRS 2026\",\"datePublished\":\"2026-06-03T15:53:58+00:00\",\"dateModified\":\"2026-06-04T16:30:54+00:00\",\"mainEntityOfPage\":{\"@id\":\"https:\\\/\\\/regionaldeseguros.com.ar\\\/?p=4976\"},\"wordCount\":503,\"publisher\":{\"@id\":\"https:\\\/\\\/regionaldeseguros.com.ar\\\/#organization\"},\"image\":{\"@id\":\"https:\\\/\\\/regionaldeseguros.com.ar\\\/?p=4976#primaryimage\"},\"thumbnailUrl\":\"https:\\\/\\\/regionaldeseguros.com.ar\\\/wp-content\\\/uploads\\\/2026\\\/06\\\/plate-crs-parana.jpg\",\"articleSection\":[\"Prensa\"],\"inLanguage\":\"es\"},{\"@type\":\"WebPage\",\"@id\":\"https:\\\/\\\/regionaldeseguros.com.ar\\\/?p=4976\",\"url\":\"https:\\\/\\\/regionaldeseguros.com.ar\\\/?p=4976\",\"name\":\"M\u00e1s de 700 profesionales de todo el pa\u00eds consolidaron el \u00e9xito del CRS 2026 - Congreso Regional de Seguros\",\"isPartOf\":{\"@id\":\"https:\\\/\\\/regionaldeseguros.com.ar\\\/#website\"},\"primaryImageOfPage\":{\"@id\":\"https:\\\/\\\/regionaldeseguros.com.ar\\\/?p=4976#primaryimage\"},\"image\":{\"@id\":\"https:\\\/\\\/regionaldeseguros.com.ar\\\/?p=4976#primaryimage\"},\"thumbnailUrl\":\"https:\\\/\\\/regionaldeseguros.com.ar\\\/wp-content\\\/uploads\\\/2026\\\/06\\\/plate-crs-parana.jpg\",\"datePublished\":\"2026-06-03T15:53:58+00:00\",\"dateModified\":\"2026-06-04T16:30:54+00:00\",\"breadcrumb\":{\"@id\":\"https:\\\/\\\/regionaldeseguros.com.ar\\\/?p=4976#breadcrumb\"},\"inLanguage\":\"es\",\"potentialAction\":[{\"@type\":\"ReadAction\",\"target\":[\"https:\\\/\\\/regionaldeseguros.com.ar\\\/?p=4976\"]}]},{\"@type\":\"ImageObject\",\"inLanguage\":\"es\",\"@id\":\"https:\\\/\\\/regionaldeseguros.com.ar\\\/?p=4976#primaryimage\",\"url\":\"https:\\\/\\\/regionaldeseguros.com.ar\\\/wp-content\\\/uploads\\\/2026\\\/06\\\/plate-crs-parana.jpg\",\"contentUrl\":\"https:\\\/\\\/regionaldeseguros.com.ar\\\/wp-content\\\/uploads\\\/2026\\\/06\\\/plate-crs-parana.jpg\",\"width\":900,\"height\":507},{\"@type\":\"BreadcrumbList\",\"@id\":\"https:\\\/\\\/regionaldeseguros.com.ar\\\/?p=4976#breadcrumb\",\"itemListElement\":[{\"@type\":\"ListItem\",\"position\":1,\"name\":\"Portada\",\"item\":\"https:\\\/\\\/regionaldeseguros.com.ar\\\/\"},{\"@type\":\"ListItem\",\"position\":2,\"name\":\"M\u00e1s de 700 profesionales de todo el pa\u00eds consolidaron el \u00e9xito del CRS 2026\"}]},{\"@type\":\"WebSite\",\"@id\":\"https:\\\/\\\/regionaldeseguros.com.ar\\\/#website\",\"url\":\"https:\\\/\\\/regionaldeseguros.com.ar\\\/\",\"name\":\"Congreso Regional de Seguros\",\"description\":\"6 de junio 2024 en Tucum\u00e1n\",\"publisher\":{\"@id\":\"https:\\\/\\\/regionaldeseguros.com.ar\\\/#organization\"},\"potentialAction\":[{\"@type\":\"SearchAction\",\"target\":{\"@type\":\"EntryPoint\",\"urlTemplate\":\"https:\\\/\\\/regionaldeseguros.com.ar\\\/?s={search_term_string}\"},\"query-input\":{\"@type\":\"PropertyValueSpecification\",\"valueRequired\":true,\"valueName\":\"search_term_string\"}}],\"inLanguage\":\"es\"},{\"@type\":\"Organization\",\"@id\":\"https:\\\/\\\/regionaldeseguros.com.ar\\\/#organization\",\"name\":\"Congreso Regional de Seguros\",\"url\":\"https:\\\/\\\/regionaldeseguros.com.ar\\\/\",\"logo\":{\"@type\":\"ImageObject\",\"inLanguage\":\"es\",\"@id\":\"https:\\\/\\\/regionaldeseguros.com.ar\\\/#\\\/schema\\\/logo\\\/image\\\/\",\"url\":\"https:\\\/\\\/regionaldeseguros.com.ar\\\/wp-content\\\/uploads\\\/2024\\\/04\\\/Logo-CRS-Positivo.png\",\"contentUrl\":\"https:\\\/\\\/regionaldeseguros.com.ar\\\/wp-content\\\/uploads\\\/2024\\\/04\\\/Logo-CRS-Positivo.png\",\"width\":281,\"height\":215,\"caption\":\"Congreso Regional de Seguros\"},\"image\":{\"@id\":\"https:\\\/\\\/regionaldeseguros.com.ar\\\/#\\\/schema\\\/logo\\\/image\\\/\"},\"sameAs\":[\"http:\\\/\\\/www.facebook.com\\\/100seguroTV\",\"https:\\\/\\\/www.linkedin.com\\\/company\\\/100seguro\\\/\"]},{\"@type\":\"Person\",\"@id\":\"https:\\\/\\\/regionaldeseguros.com.ar\\\/#\\\/schema\\\/person\\\/659a636ae391540e556a662c9720d7c9\",\"name\":\"admin\",\"image\":{\"@type\":\"ImageObject\",\"inLanguage\":\"es\",\"@id\":\"https:\\\/\\\/secure.gravatar.com\\\/avatar\\\/1d0e4a0c7c20403ad4cb3ff150f61f881a44cf7b1a999513b197d29a9a66eb1d?s=96&d=mm&r=g\",\"url\":\"https:\\\/\\\/secure.gravatar.com\\\/avatar\\\/1d0e4a0c7c20403ad4cb3ff150f61f881a44cf7b1a999513b197d29a9a66eb1d?s=96&d=mm&r=g\",\"contentUrl\":\"https:\\\/\\\/secure.gravatar.com\\\/avatar\\\/1d0e4a0c7c20403ad4cb3ff150f61f881a44cf7b1a999513b197d29a9a66eb1d?s=96&d=mm&r=g\",\"caption\":\"admin\"},\"sameAs\":[\"https:\\\/\\\/regionaldeseguros.com.ar\"],\"url\":\"https:\\\/\\\/regionaldeseguros.com.ar\\\/?author=1\"}]}<\/script>\n<!-- \/ Yoast SEO plugin. -->","yoast_head_json":{"title":"M\u00e1s de 700 profesionales de todo el pa\u00eds consolidaron el \u00e9xito del CRS 2026 - Congreso Regional de Seguros","robots":{"index":"index","follow":"follow","max-snippet":"max-snippet:-1","max-image-preview":"max-image-preview:large","max-video-preview":"max-video-preview:-1"},"canonical":"https:\/\/regionaldeseguros.com.ar\/?p=4976","og_locale":"es_ES","og_type":"article","og_title":"M\u00e1s de 700 profesionales de todo el pa\u00eds consolidaron el \u00e9xito del CRS 2026 - Congreso Regional de Seguros","og_description":"M\u00e1s de 700 profesionales de todo el pa\u00eds consolidaron el \u00e9xito del CRS 2026 Con una convocatoria que super\u00f3 los 700 asistentes provenientes de Entre R\u00edos, Santa Fe, C\u00f3rdoba, Buenos Aires y distintos puntos del pa\u00eds, el Congreso Regional de Seguros volvi\u00f3 a consolidarse como uno de los encuentros m\u00e1s importantes del mercado asegurador argentino.&nbsp; [&hellip;]","og_url":"https:\/\/regionaldeseguros.com.ar\/?p=4976","og_site_name":"Congreso Regional de Seguros","article_publisher":"http:\/\/www.facebook.com\/100seguroTV","article_published_time":"2026-06-03T15:53:58+00:00","article_modified_time":"2026-06-04T16:30:54+00:00","og_image":[{"width":900,"height":507,"url":"https:\/\/regionaldeseguros.com.ar\/wp-content\/uploads\/2026\/06\/plate-crs-parana.jpg","type":"image\/jpeg"}],"author":"admin","twitter_card":"summary_large_image","twitter_misc":{"Escrito por":"admin","Tiempo de lectura":"3 minutos"},"schema":{"@context":"https:\/\/schema.org","@graph":[{"@type":"Article","@id":"https:\/\/regionaldeseguros.com.ar\/?p=4976#article","isPartOf":{"@id":"https:\/\/regionaldeseguros.com.ar\/?p=4976"},"author":{"name":"admin","@id":"https:\/\/regionaldeseguros.com.ar\/#\/schema\/person\/659a636ae391540e556a662c9720d7c9"},"headline":"M\u00e1s de 700 profesionales de todo el pa\u00eds consolidaron el \u00e9xito del CRS 2026","datePublished":"2026-06-03T15:53:58+00:00","dateModified":"2026-06-04T16:30:54+00:00","mainEntityOfPage":{"@id":"https:\/\/regionaldeseguros.com.ar\/?p=4976"},"wordCount":503,"publisher":{"@id":"https:\/\/regionaldeseguros.com.ar\/#organization"},"image":{"@id":"https:\/\/regionaldeseguros.com.ar\/?p=4976#primaryimage"},"thumbnailUrl":"https:\/\/regionaldeseguros.com.ar\/wp-content\/uploads\/2026\/06\/plate-crs-parana.jpg","articleSection":["Prensa"],"inLanguage":"es"},{"@type":"WebPage","@id":"https:\/\/regionaldeseguros.com.ar\/?p=4976","url":"https:\/\/regionaldeseguros.com.ar\/?p=4976","name":"M\u00e1s de 700 profesionales de todo el pa\u00eds consolidaron el \u00e9xito del CRS 2026 - Congreso Regional de Seguros","isPartOf":{"@id":"https:\/\/regionaldeseguros.com.ar\/#website"},"primaryImageOfPage":{"@id":"https:\/\/regionaldeseguros.com.ar\/?p=4976#primaryimage"},"image":{"@id":"https:\/\/regionaldeseguros.com.ar\/?p=4976#primaryimage"},"thumbnailUrl":"https:\/\/regionaldeseguros.com.ar\/wp-content\/uploads\/2026\/06\/plate-crs-parana.jpg","datePublished":"2026-06-03T15:53:58+00:00","dateModified":"2026-06-04T16:30:54+00:00","breadcrumb":{"@id":"https:\/\/regionaldeseguros.com.ar\/?p=4976#breadcrumb"},"inLanguage":"es","potentialAction":[{"@type":"ReadAction","target":["https:\/\/regionaldeseguros.com.ar\/?p=4976"]}]},{"@type":"ImageObject","inLanguage":"es","@id":"https:\/\/regionaldeseguros.com.ar\/?p=4976#primaryimage","url":"https:\/\/regionaldeseguros.com.ar\/wp-content\/uploads\/2026\/06\/plate-crs-parana.jpg","contentUrl":"https:\/\/regionaldeseguros.com.ar\/wp-content\/uploads\/2026\/06\/plate-crs-parana.jpg","width":900,"height":507},{"@type":"BreadcrumbList","@id":"https:\/\/regionaldeseguros.com.ar\/?p=4976#breadcrumb","itemListElement":[{"@type":"ListItem","position":1,"name":"Portada","item":"https:\/\/regionaldeseguros.com.ar\/"},{"@type":"ListItem","position":2,"name":"M\u00e1s de 700 profesionales de todo el pa\u00eds consolidaron el \u00e9xito del CRS 2026"}]},{"@type":"WebSite","@id":"https:\/\/regionaldeseguros.com.ar\/#website","url":"https:\/\/regionaldeseguros.com.ar\/","name":"Congreso Regional de Seguros","description":"6 de junio 2024 en Tucum\u00e1n","publisher":{"@id":"https:\/\/regionaldeseguros.com.ar\/#organization"},"potentialAction":[{"@type":"SearchAction","target":{"@type":"EntryPoint","urlTemplate":"https:\/\/regionaldeseguros.com.ar\/?s={search_term_string}"},"query-input":{"@type":"PropertyValueSpecification","valueRequired":true,"valueName":"search_term_string"}}],"inLanguage":"es"},{"@type":"Organization","@id":"https:\/\/regionaldeseguros.com.ar\/#organization","name":"Congreso Regional de Seguros","url":"https:\/\/regionaldeseguros.com.ar\/","logo":{"@type":"ImageObject","inLanguage":"es","@id":"https:\/\/regionaldeseguros.com.ar\/#\/schema\/logo\/image\/","url":"https:\/\/regionaldeseguros.com.ar\/wp-content\/uploads\/2024\/04\/Logo-CRS-Positivo.png","contentUrl":"https:\/\/regionaldeseguros.com.ar\/wp-content\/uploads\/2024\/04\/Logo-CRS-Positivo.png","width":281,"height":215,"caption":"Congreso Regional de Seguros"},"image":{"@id":"https:\/\/regionaldeseguros.com.ar\/#\/schema\/logo\/image\/"},"sameAs":["http:\/\/www.facebook.com\/100seguroTV","https:\/\/www.linkedin.com\/company\/100seguro\/"]},{"@type":"Person","@id":"https:\/\/regionaldeseguros.com.ar\/#\/schema\/person\/659a636ae391540e556a662c9720d7c9","name":"admin","image":{"@type":"ImageObject","inLanguage":"es","@id":"https:\/\/secure.gravatar.com\/avatar\/1d0e4a0c7c20403ad4cb3ff150f61f881a44cf7b1a999513b197d29a9a66eb1d?s=96&d=mm&r=g","url":"https:\/\/secure.gravatar.com\/avatar\/1d0e4a0c7c20403ad4cb3ff150f61f881a44cf7b1a999513b197d29a9a66eb1d?s=96&d=mm&r=g","contentUrl":"https:\/\/secure.gravatar.com\/avatar\/1d0e4a0c7c20403ad4cb3ff150f61f881a44cf7b1a999513b197d29a9a66eb1d?s=96&d=mm&r=g","caption":"admin"},"sameAs":["https:\/\/regionaldeseguros.com.ar"],"url":"https:\/\/regionaldeseguros.com.ar\/?author=1"}]}},"_links":{"self":[{"href":"https:\/\/regionaldeseguros.com.ar\/index.php?rest_route=\/wp\/v2\/posts\/4976","targetHints":{"allow":["GET"]}}],"collection":[{"href":"https:\/\/regionaldeseguros.com.ar\/index.php?rest_route=\/wp\/v2\/posts"}],"about":[{"href":"https:\/\/regionaldeseguros.com.ar\/index.php?rest_route=\/wp\/v2\/types\/post"}],"author":[{"embeddable":true,"href":"https:\/\/regionaldeseguros.com.ar\/index.php?rest_route=\/wp\/v2\/users\/1"}],"replies":[{"embeddable":true,"href":"https:\/\/regionaldeseguros.com.ar\/index.php?rest_route=%2Fwp%2Fv2%2Fcomments&post=4976"}],"version-history":[{"count":22,"href":"https:\/\/regionaldeseguros.com.ar\/index.php?rest_route=\/wp\/v2\/posts\/4976\/revisions"}],"predecessor-version":[{"id":5082,"href":"https:\/\/regionaldeseguros.com.ar\/index.php?rest_route=\/wp\/v2\/posts\/4976\/revisions\/5082"}],"wp:featuredmedia":[{"embeddable":true,"href":"https:\/\/regionaldeseguros.com.ar\/index.php?rest_route=\/wp\/v2\/media\/5002"}],"wp:attachment":[{"href":"https:\/\/regionaldeseguros.com.ar\/index.php?rest_route=%2Fwp%2Fv2%2Fmedia&parent=4976"}],"wp:term":[{"taxonomy":"category","embeddable":true,"href":"https:\/\/regionaldeseguros.com.ar\/index.php?rest_route=%2Fwp%2Fv2%2Fcategories&post=4976"},{"taxonomy":"post_tag","embeddable":true,"href":"https:\/\/regionaldeseguros.com.ar\/index.php?rest_route=%2Fwp%2Fv2%2Ftags&post=4976"}],"curies":[{"name":"wp","href":"https:\/\/api.w.org\/{rel}","templated":true}]}}